{"id":4160,"date":"2022-11-21T09:35:22","date_gmt":"2022-11-21T09:35:22","guid":{"rendered":"https:\/\/lektou.com\/?p=4160"},"modified":"2022-12-23T09:36:39","modified_gmt":"2022-12-23T09:36:39","slug":"frederico-rato-sera-um-dos-oradores-do-1o-congresso-da-falp","status":"publish","type":"post","link":"https:\/\/lektou.com\/pt-pt\/frederico-rato-sera-um-dos-oradores-do-1o-congresso-da-falp\/","title":{"rendered":"Frederico Rato ser\u00e1 um dos oradores do 1\u00ba Congresso da FALP"},"content":{"rendered":"<p>Frederico Rato ser\u00e1 um dos oradores do 1\u00ba Congresso da FALP &#8211; Federa\u00e7\u00e3o dos Advogados dos Pa\u00edses de L\u00edngua Portuguesa que se realizar\u00e1 hoje e amanh\u00e3 em S\u00e3o Paulo. Frederico Rato apresentar\u00e1 o regime de Arbitragem na Regi\u00e3o Administrativa Especial de Macau.<\/p>\n<p>Pode encontrar mais informa\u00e7\u00f5es sobre o Congresso aqui:\u00a0<a href=\"https:\/\/lnkd.in\/dJVAqcuy?fbclid=IwAR0gc-UPhdRQCgTaIsEdvn0OLhi7OWiP15ABfT_uDtcVpYDMC_bxOh7DlX8\">https:\/\/lnkd.in\/dJVAqcuy<\/a><\/p>\n","protected":false},"excerpt":{"rendered":"<p>Frederico Rato ser\u00e1 um dos oradores do 1\u00ba Congresso da FALP &#8211; Federa\u00e7\u00e3o dos Advogados dos Pa\u00edses de L\u00edngua Portuguesa que se realizar\u00e1 hoje e amanh\u00e3 em S\u00e3o Paulo. Frederico Rato apresentar\u00e1 o regime de Arbitragem na Regi\u00e3o Administrativa Especial de Macau. Pode encontrar mais informa\u00e7\u00f5es sobre o Congresso aqui:\u00a0https:\/\/lnkd.in\/dJVAqcuy<\/p>\n","protected":false},"author":2,"featured_media":3992,"comment_status":"closed","ping_status":"closed","sticky":false,"template":"","format":"standard","meta":{"footnotes":""},"categories":[236,237],"tags":[],"class_list":["post-4160","post","type-post","status-publish","format-standard","has-post-thumbnail","hentry","category-events-pt","category-news-pt"],"_links":{"self":[{"href":"https:\/\/lektou.com\/pt-pt\/wp-json\/wp\/v2\/posts\/4160","targetHints":{"allow":["GET"]}}],"collection":[{"href":"https:\/\/lektou.com\/pt-pt\/wp-json\/wp\/v2\/posts"}],"about":[{"href":"https:\/\/lektou.com\/pt-pt\/wp-json\/wp\/v2\/types\/post"}],"author":[{"embeddable":true,"href":"https:\/\/lektou.com\/pt-pt\/wp-json\/wp\/v2\/users\/2"}],"replies":[{"embeddable":true,"href":"https:\/\/lektou.com\/pt-pt\/wp-json\/wp\/v2\/comments?post=4160"}],"version-history":[{"count":1,"href":"https:\/\/lektou.com\/pt-pt\/wp-json\/wp\/v2\/posts\/4160\/revisions"}],"predecessor-version":[{"id":4161,"href":"https:\/\/lektou.com\/pt-pt\/wp-json\/wp\/v2\/posts\/4160\/revisions\/4161"}],"wp:featuredmedia":[{"embeddable":true,"href":"https:\/\/lektou.com\/pt-pt\/wp-json\/wp\/v2\/media\/3992"}],"wp:attachment":[{"href":"https:\/\/lektou.com\/pt-pt\/wp-json\/wp\/v2\/media?parent=4160"}],"wp:term":[{"taxonomy":"category","embeddable":true,"href":"https:\/\/lektou.com\/pt-pt\/wp-json\/wp\/v2\/categories?post=4160"},{"taxonomy":"post_tag","embeddable":true,"href":"https:\/\/lektou.com\/pt-pt\/wp-json\/wp\/v2\/tags?post=4160"}],"curies":[{"name":"wp","href":"https:\/\/api.w.org\/{rel}","templated":true}]}}