{"id":6752,"date":"2024-12-18T02:40:22","date_gmt":"2024-12-18T02:40:22","guid":{"rendered":"https:\/\/lektou.com\/?p=6752"},"modified":"2024-12-19T02:42:37","modified_gmt":"2024-12-19T02:42:37","slug":"chang-san-chi-e-calvin-chui-foram-nomeados-para-os-orgaos-sociais-da-fundacao-choi-para-a-educacao-e-cultura-de-macau","status":"publish","type":"post","link":"https:\/\/lektou.com\/pt-pt\/chang-san-chi-e-calvin-chui-foram-nomeados-para-os-orgaos-sociais-da-fundacao-choi-para-a-educacao-e-cultura-de-macau\/","title":{"rendered":"Chang San Chi e Calvin Chui foram nomeados para os \u00f3rg\u00e3os sociais da Funda\u00e7\u00e3o Choi para a Educa\u00e7\u00e3o e Cultura de Macau"},"content":{"rendered":"<p><span data-teams=\"true\">San Chi Chang e Calvin Chui foram nomeados para os \u00f3rg\u00e3os sociais da Funda\u00e7\u00e3o Choi para a Educa\u00e7\u00e3o e Cultura de Macau.<br \/>\nOs nossos parab\u00e9ns a Calvin Tinlop Chui, que foi nomeado membro da Comiss\u00e3o Executiva, e a Chang San Chi, que entra como membro da Comiss\u00e3o Consultiva.<br \/>\nOs seus contributos ir\u00e3o refor\u00e7ar o \u00e2mbito e a miss\u00e3o da Funda\u00e7\u00e3o no apoio \u00e0 educa\u00e7\u00e3o e cultura em Macau.<\/span><\/p>\n","protected":false},"excerpt":{"rendered":"<p>San Chi Chang e Calvin Chui foram nomeados para os \u00f3rg\u00e3os sociais da Funda\u00e7\u00e3o Choi para a Educa\u00e7\u00e3o e Cultura de Macau. Os nossos parab\u00e9ns a Calvin Tinlop Chui, que foi nomeado membro da Comiss\u00e3o Executiva, e a Chang San Chi, que entra como membro da Comiss\u00e3o Consultiva. Os seus contributos ir\u00e3o refor\u00e7ar o \u00e2mbito<\/p>\n","protected":false},"author":2,"featured_media":6744,"comment_status":"open","ping_status":"open","sticky":false,"template":"","format":"standard","meta":{"footnotes":""},"categories":[237],"tags":[],"class_list":["post-6752","post","type-post","status-publish","format-standard","has-post-thumbnail","hentry","category-news-pt"],"_links":{"self":[{"href":"https:\/\/lektou.com\/pt-pt\/wp-json\/wp\/v2\/posts\/6752","targetHints":{"allow":["GET"]}}],"collection":[{"href":"https:\/\/lektou.com\/pt-pt\/wp-json\/wp\/v2\/posts"}],"about":[{"href":"https:\/\/lektou.com\/pt-pt\/wp-json\/wp\/v2\/types\/post"}],"author":[{"embeddable":true,"href":"https:\/\/lektou.com\/pt-pt\/wp-json\/wp\/v2\/users\/2"}],"replies":[{"embeddable":true,"href":"https:\/\/lektou.com\/pt-pt\/wp-json\/wp\/v2\/comments?post=6752"}],"version-history":[{"count":1,"href":"https:\/\/lektou.com\/pt-pt\/wp-json\/wp\/v2\/posts\/6752\/revisions"}],"predecessor-version":[{"id":6753,"href":"https:\/\/lektou.com\/pt-pt\/wp-json\/wp\/v2\/posts\/6752\/revisions\/6753"}],"wp:featuredmedia":[{"embeddable":true,"href":"https:\/\/lektou.com\/pt-pt\/wp-json\/wp\/v2\/media\/6744"}],"wp:attachment":[{"href":"https:\/\/lektou.com\/pt-pt\/wp-json\/wp\/v2\/media?parent=6752"}],"wp:term":[{"taxonomy":"category","embeddable":true,"href":"https:\/\/lektou.com\/pt-pt\/wp-json\/wp\/v2\/categories?post=6752"},{"taxonomy":"post_tag","embeddable":true,"href":"https:\/\/lektou.com\/pt-pt\/wp-json\/wp\/v2\/tags?post=6752"}],"curies":[{"name":"wp","href":"https:\/\/api.w.org\/{rel}","templated":true}]}}